{"id":5413,"date":"2022-09-22T09:22:03","date_gmt":"2022-09-22T13:22:03","guid":{"rendered":"https:\/\/www.ccra-acrc.ca\/?p=5413"},"modified":"2024-01-12T09:26:17","modified_gmt":"2024-01-12T14:26:17","slug":"nouveau-directeur-scientifique-pour-linstitut-du-cancer-des-irsc","status":"publish","type":"post","link":"https:\/\/www.ccra-acrc.ca\/fr\/nouveau-directeur-scientifique-pour-linstitut-du-cancer-des-irsc\/","title":{"rendered":"Nouveau directeur scientifique pour l&rsquo;Institut du cancer des IRSC"},"content":{"rendered":"<p><img loading=\"lazy\" decoding=\"async\" class=\"alignnone size-medium wp-image-5411\" title=\"icr_sd_fei-fei_liu_500\" src=\"http:\/\/www.ccra-acrc.ca\/wp-content\/uploads\/2022\/09\/icr_sd_fei-fei_liu_500-300x300.jpg\" alt=\"Fei-Fei Liu\" width=\"200\" height=\"200\" align=\"right\" srcset=\"https:\/\/www.ccra-acrc.ca\/wp-content\/uploads\/2022\/09\/icr_sd_fei-fei_liu_500-300x300.jpg 300w, https:\/\/www.ccra-acrc.ca\/wp-content\/uploads\/2022\/09\/icr_sd_fei-fei_liu_500-150x150.jpg 150w, https:\/\/www.ccra-acrc.ca\/wp-content\/uploads\/2022\/09\/icr_sd_fei-fei_liu_500-250x250.jpg 250w, https:\/\/www.ccra-acrc.ca\/wp-content\/uploads\/2022\/09\/icr_sd_fei-fei_liu_500-320x320.jpg 320w, https:\/\/www.ccra-acrc.ca\/wp-content\/uploads\/2022\/09\/icr_sd_fei-fei_liu_500.jpg 500w\" sizes=\"auto, (max-width: 200px) 100vw, 200px\" \/>C\u2019est le 1<sup>er<\/sup> septembre 2022 qu\u2019entre en vigueur la nomination de la D<sup>re<\/sup> Fei-Fei Liu au poste de directrice scientifique de l\u2019Institut du cancer des IRSC. Pendant plus de trois d\u00e9cennies, la D<sup>re<\/sup> Liu a travaill\u00e9 comme clinicienne-chercheuse au Centre de canc\u00e9rologie Princess Margaret, o\u00f9 elle cumule \u00e9galement les fonctions de chef du Programme de m\u00e9decine des rayonnements et de chef du D\u00e9partement de radio-oncologie. Ses travaux se concentrent sur l\u2019examen et l\u2019\u00e9laboration de nouvelles strat\u00e9gies th\u00e9rapeutiques mol\u00e9culaires pouvant \u00eatre combin\u00e9es \u00e0 la radioth\u00e9rapie pour traiter les cancers du sein, du col de l\u2019ut\u00e9rus et des voies a\u00e9rodigestives sup\u00e9rieures. Depuis peu, la D<sup>re<\/sup> Liu et son \u00e9quipe axent leurs efforts sur l\u2019\u00e9lucidation des m\u00e9canismes fondamentaux de la fibrose et du lymph\u0153d\u00e8me radioinduits. En tant que clinicienne-chercheuse, la D<sup>re<\/sup> Liu affiche un souci d\u2019excellence en recherche et dans les soins cliniques ainsi qu\u2019une forte d\u00e9termination \u00e0 d\u00e9velopper les capacit\u00e9s de recherche par la formation. Bienvenue, D<sup>re<\/sup> Liu!<\/p>\n","protected":false},"excerpt":{"rendered":"<p>C\u2019est le 1er septembre 2022 qu\u2019entre en vigueur la nomination de la Dre Fei-Fei Liu au poste de directrice scientifique de l\u2019Institut du cancer des IRSC. Pendant plus de trois d\u00e9cennies, la Dre Liu a travaill\u00e9 comme clinicienne-chercheuse au Centre de canc\u00e9rologie Princess Margaret, o\u00f9 elle cumule \u00e9galement les fonctions de chef du Programme de &hellip; <a href=\"https:\/\/www.ccra-acrc.ca\/fr\/nouveau-directeur-scientifique-pour-linstitut-du-cancer-des-irsc\/\">Continued<\/a><\/p>\n","protected":false},"author":10,"featured_media":0,"comment_status":"closed","ping_status":"open","sticky":false,"template":"","format":"standard","meta":{"_acf_changed":false,"_monsterinsights_skip_tracking":false,"_monsterinsights_sitenote_active":false,"_monsterinsights_sitenote_note":"","_monsterinsights_sitenote_category":0,"footnotes":""},"categories":[21,22],"tags":[],"class_list":["post-5413","post","type-post","status-publish","format-standard","hentry","category-ccra-news-fr","category-other-news-fr"],"acf":[],"yoast_head":"<!-- This site is optimized with the Yoast SEO plugin v27.3 - https:\/\/yoast.com\/product\/yoast-seo-wordpress\/ -->\n<title>Nouveau directeur scientifique pour l&#039;Institut du cancer des IRSC - CCRA<\/title>\n<meta name=\"robots\" content=\"index, follow, max-snippet:-1, max-image-preview:large, max-video-preview:-1\" \/>\n<link rel=\"canonical\" href=\"http:\/\/www.ccra-acrc.ca\/fr\/nouveau-directeur-scientifique-pour-linstitut-du-cancer-des-irsc\/\" \/>\n<meta property=\"og:locale\" content=\"fr_FR\" \/>\n<meta property=\"og:type\" content=\"article\" \/>\n<meta property=\"og:title\" content=\"Nouveau directeur scientifique pour l&#039;Institut du cancer des IRSC - CCRA\" \/>\n<meta property=\"og:description\" content=\"C\u2019est le 1er septembre 2022 qu\u2019entre en vigueur la nomination de la Dre Fei-Fei Liu au poste de directrice scientifique de l\u2019Institut du cancer des IRSC. Pendant plus de trois d\u00e9cennies, la Dre Liu a travaill\u00e9 comme clinicienne-chercheuse au Centre de canc\u00e9rologie Princess Margaret, o\u00f9 elle cumule \u00e9galement les fonctions de chef du Programme de &hellip; Continued\" \/>\n<meta property=\"og:url\" content=\"http:\/\/www.ccra-acrc.ca\/fr\/nouveau-directeur-scientifique-pour-linstitut-du-cancer-des-irsc\/\" \/>\n<meta property=\"og:site_name\" content=\"CCRA\" \/>\n<meta property=\"article:published_time\" content=\"2022-09-22T13:22:03+00:00\" \/>\n<meta property=\"article:modified_time\" content=\"2024-01-12T14:26:17+00:00\" \/>\n<meta property=\"og:image\" content=\"http:\/\/www.ccra-acrc.ca\/wp-content\/uploads\/2022\/09\/icr_sd_fei-fei_liu_500-300x300.jpg\" \/>\n<meta name=\"author\" content=\"Kimberly Badovinac\" \/>\n<meta name=\"twitter:card\" content=\"summary_large_image\" \/>\n<meta name=\"twitter:label1\" content=\"\u00c9crit par\" \/>\n\t<meta name=\"twitter:data1\" content=\"Kimberly Badovinac\" \/>\n\t<meta name=\"twitter:label2\" content=\"Dur\u00e9e de lecture estim\u00e9e\" \/>\n\t<meta name=\"twitter:data2\" content=\"1 minute\" \/>\n<script type=\"application\/ld+json\" class=\"yoast-schema-graph\">{\"@context\":\"https:\\\/\\\/schema.org\",\"@graph\":[{\"@type\":\"Article\",\"@id\":\"http:\\\/\\\/www.ccra-acrc.ca\\\/fr\\\/nouveau-directeur-scientifique-pour-linstitut-du-cancer-des-irsc\\\/#article\",\"isPartOf\":{\"@id\":\"http:\\\/\\\/www.ccra-acrc.ca\\\/fr\\\/nouveau-directeur-scientifique-pour-linstitut-du-cancer-des-irsc\\\/\"},\"author\":{\"name\":\"Kimberly Badovinac\",\"@id\":\"https:\\\/\\\/www.ccra-acrc.ca\\\/#\\\/schema\\\/person\\\/22d6e1353aef48de5fe54f779213afec\"},\"headline\":\"Nouveau directeur scientifique pour l&rsquo;Institut du cancer des IRSC\",\"datePublished\":\"2022-09-22T13:22:03+00:00\",\"dateModified\":\"2024-01-12T14:26:17+00:00\",\"mainEntityOfPage\":{\"@id\":\"http:\\\/\\\/www.ccra-acrc.ca\\\/fr\\\/nouveau-directeur-scientifique-pour-linstitut-du-cancer-des-irsc\\\/\"},\"wordCount\":190,\"publisher\":{\"@id\":\"https:\\\/\\\/www.ccra-acrc.ca\\\/#organization\"},\"image\":{\"@id\":\"http:\\\/\\\/www.ccra-acrc.ca\\\/fr\\\/nouveau-directeur-scientifique-pour-linstitut-du-cancer-des-irsc\\\/#primaryimage\"},\"thumbnailUrl\":\"http:\\\/\\\/www.ccra-acrc.ca\\\/wp-content\\\/uploads\\\/2022\\\/09\\\/icr_sd_fei-fei_liu_500-300x300.jpg\",\"articleSection\":[\"CCRA News\",\"Other News\"],\"inLanguage\":\"fr-FR\"},{\"@type\":\"WebPage\",\"@id\":\"http:\\\/\\\/www.ccra-acrc.ca\\\/fr\\\/nouveau-directeur-scientifique-pour-linstitut-du-cancer-des-irsc\\\/\",\"url\":\"http:\\\/\\\/www.ccra-acrc.ca\\\/fr\\\/nouveau-directeur-scientifique-pour-linstitut-du-cancer-des-irsc\\\/\",\"name\":\"Nouveau directeur scientifique pour l'Institut du cancer des IRSC - CCRA\",\"isPartOf\":{\"@id\":\"https:\\\/\\\/www.ccra-acrc.ca\\\/#website\"},\"primaryImageOfPage\":{\"@id\":\"http:\\\/\\\/www.ccra-acrc.ca\\\/fr\\\/nouveau-directeur-scientifique-pour-linstitut-du-cancer-des-irsc\\\/#primaryimage\"},\"image\":{\"@id\":\"http:\\\/\\\/www.ccra-acrc.ca\\\/fr\\\/nouveau-directeur-scientifique-pour-linstitut-du-cancer-des-irsc\\\/#primaryimage\"},\"thumbnailUrl\":\"http:\\\/\\\/www.ccra-acrc.ca\\\/wp-content\\\/uploads\\\/2022\\\/09\\\/icr_sd_fei-fei_liu_500-300x300.jpg\",\"datePublished\":\"2022-09-22T13:22:03+00:00\",\"dateModified\":\"2024-01-12T14:26:17+00:00\",\"inLanguage\":\"fr-FR\",\"potentialAction\":[{\"@type\":\"ReadAction\",\"target\":[\"http:\\\/\\\/www.ccra-acrc.ca\\\/fr\\\/nouveau-directeur-scientifique-pour-linstitut-du-cancer-des-irsc\\\/\"]}]},{\"@type\":\"ImageObject\",\"inLanguage\":\"fr-FR\",\"@id\":\"http:\\\/\\\/www.ccra-acrc.ca\\\/fr\\\/nouveau-directeur-scientifique-pour-linstitut-du-cancer-des-irsc\\\/#primaryimage\",\"url\":\"http:\\\/\\\/www.ccra-acrc.ca\\\/wp-content\\\/uploads\\\/2022\\\/09\\\/icr_sd_fei-fei_liu_500-300x300.jpg\",\"contentUrl\":\"http:\\\/\\\/www.ccra-acrc.ca\\\/wp-content\\\/uploads\\\/2022\\\/09\\\/icr_sd_fei-fei_liu_500-300x300.jpg\"},{\"@type\":\"WebSite\",\"@id\":\"https:\\\/\\\/www.ccra-acrc.ca\\\/#website\",\"url\":\"https:\\\/\\\/www.ccra-acrc.ca\\\/\",\"name\":\"CCRA\",\"description\":\"The Canadian Cancer Research Alliance\",\"publisher\":{\"@id\":\"https:\\\/\\\/www.ccra-acrc.ca\\\/#organization\"},\"potentialAction\":[{\"@type\":\"SearchAction\",\"target\":{\"@type\":\"EntryPoint\",\"urlTemplate\":\"https:\\\/\\\/www.ccra-acrc.ca\\\/?s={search_term_string}\"},\"query-input\":{\"@type\":\"PropertyValueSpecification\",\"valueRequired\":true,\"valueName\":\"search_term_string\"}}],\"inLanguage\":\"fr-FR\"},{\"@type\":\"Organization\",\"@id\":\"https:\\\/\\\/www.ccra-acrc.ca\\\/#organization\",\"name\":\"Canadian Cancer Research Conference\",\"url\":\"https:\\\/\\\/www.ccra-acrc.ca\\\/\",\"logo\":{\"@type\":\"ImageObject\",\"inLanguage\":\"fr-FR\",\"@id\":\"https:\\\/\\\/www.ccra-acrc.ca\\\/#\\\/schema\\\/logo\\\/image\\\/\",\"url\":\"https:\\\/\\\/www.ccra-acrc.ca\\\/wp-content\\\/uploads\\\/2017\\\/01\\\/ccra_logo.jpg\",\"contentUrl\":\"https:\\\/\\\/www.ccra-acrc.ca\\\/wp-content\\\/uploads\\\/2017\\\/01\\\/ccra_logo.jpg\",\"width\":108,\"height\":78,\"caption\":\"Canadian Cancer Research Conference\"},\"image\":{\"@id\":\"https:\\\/\\\/www.ccra-acrc.ca\\\/#\\\/schema\\\/logo\\\/image\\\/\"}},{\"@type\":\"Person\",\"@id\":\"https:\\\/\\\/www.ccra-acrc.ca\\\/#\\\/schema\\\/person\\\/22d6e1353aef48de5fe54f779213afec\",\"name\":\"Kimberly Badovinac\",\"image\":{\"@type\":\"ImageObject\",\"inLanguage\":\"fr-FR\",\"@id\":\"https:\\\/\\\/secure.gravatar.com\\\/avatar\\\/73596a6e191db58c6340ba5c5119913a2d3524e0396530eff14fb65f32dada27?s=96&d=mm&r=g\",\"url\":\"https:\\\/\\\/secure.gravatar.com\\\/avatar\\\/73596a6e191db58c6340ba5c5119913a2d3524e0396530eff14fb65f32dada27?s=96&d=mm&r=g\",\"contentUrl\":\"https:\\\/\\\/secure.gravatar.com\\\/avatar\\\/73596a6e191db58c6340ba5c5119913a2d3524e0396530eff14fb65f32dada27?s=96&d=mm&r=g\",\"caption\":\"Kimberly Badovinac\"},\"url\":\"https:\\\/\\\/www.ccra-acrc.ca\\\/fr\\\/author\\\/kbadovinac\\\/\"}]}<\/script>\n<!-- \/ Yoast SEO plugin. -->","yoast_head_json":{"title":"Nouveau directeur scientifique pour l'Institut du cancer des IRSC - CCRA","robots":{"index":"index","follow":"follow","max-snippet":"max-snippet:-1","max-image-preview":"max-image-preview:large","max-video-preview":"max-video-preview:-1"},"canonical":"http:\/\/www.ccra-acrc.ca\/fr\/nouveau-directeur-scientifique-pour-linstitut-du-cancer-des-irsc\/","og_locale":"fr_FR","og_type":"article","og_title":"Nouveau directeur scientifique pour l'Institut du cancer des IRSC - CCRA","og_description":"C\u2019est le 1er septembre 2022 qu\u2019entre en vigueur la nomination de la Dre Fei-Fei Liu au poste de directrice scientifique de l\u2019Institut du cancer des IRSC. Pendant plus de trois d\u00e9cennies, la Dre Liu a travaill\u00e9 comme clinicienne-chercheuse au Centre de canc\u00e9rologie Princess Margaret, o\u00f9 elle cumule \u00e9galement les fonctions de chef du Programme de &hellip; Continued","og_url":"http:\/\/www.ccra-acrc.ca\/fr\/nouveau-directeur-scientifique-pour-linstitut-du-cancer-des-irsc\/","og_site_name":"CCRA","article_published_time":"2022-09-22T13:22:03+00:00","article_modified_time":"2024-01-12T14:26:17+00:00","og_image":[{"url":"http:\/\/www.ccra-acrc.ca\/wp-content\/uploads\/2022\/09\/icr_sd_fei-fei_liu_500-300x300.jpg","type":"","width":"","height":""}],"author":"Kimberly Badovinac","twitter_card":"summary_large_image","twitter_misc":{"\u00c9crit par":"Kimberly Badovinac","Dur\u00e9e de lecture estim\u00e9e":"1 minute"},"schema":{"@context":"https:\/\/schema.org","@graph":[{"@type":"Article","@id":"http:\/\/www.ccra-acrc.ca\/fr\/nouveau-directeur-scientifique-pour-linstitut-du-cancer-des-irsc\/#article","isPartOf":{"@id":"http:\/\/www.ccra-acrc.ca\/fr\/nouveau-directeur-scientifique-pour-linstitut-du-cancer-des-irsc\/"},"author":{"name":"Kimberly Badovinac","@id":"https:\/\/www.ccra-acrc.ca\/#\/schema\/person\/22d6e1353aef48de5fe54f779213afec"},"headline":"Nouveau directeur scientifique pour l&rsquo;Institut du cancer des IRSC","datePublished":"2022-09-22T13:22:03+00:00","dateModified":"2024-01-12T14:26:17+00:00","mainEntityOfPage":{"@id":"http:\/\/www.ccra-acrc.ca\/fr\/nouveau-directeur-scientifique-pour-linstitut-du-cancer-des-irsc\/"},"wordCount":190,"publisher":{"@id":"https:\/\/www.ccra-acrc.ca\/#organization"},"image":{"@id":"http:\/\/www.ccra-acrc.ca\/fr\/nouveau-directeur-scientifique-pour-linstitut-du-cancer-des-irsc\/#primaryimage"},"thumbnailUrl":"http:\/\/www.ccra-acrc.ca\/wp-content\/uploads\/2022\/09\/icr_sd_fei-fei_liu_500-300x300.jpg","articleSection":["CCRA News","Other News"],"inLanguage":"fr-FR"},{"@type":"WebPage","@id":"http:\/\/www.ccra-acrc.ca\/fr\/nouveau-directeur-scientifique-pour-linstitut-du-cancer-des-irsc\/","url":"http:\/\/www.ccra-acrc.ca\/fr\/nouveau-directeur-scientifique-pour-linstitut-du-cancer-des-irsc\/","name":"Nouveau directeur scientifique pour l'Institut du cancer des IRSC - CCRA","isPartOf":{"@id":"https:\/\/www.ccra-acrc.ca\/#website"},"primaryImageOfPage":{"@id":"http:\/\/www.ccra-acrc.ca\/fr\/nouveau-directeur-scientifique-pour-linstitut-du-cancer-des-irsc\/#primaryimage"},"image":{"@id":"http:\/\/www.ccra-acrc.ca\/fr\/nouveau-directeur-scientifique-pour-linstitut-du-cancer-des-irsc\/#primaryimage"},"thumbnailUrl":"http:\/\/www.ccra-acrc.ca\/wp-content\/uploads\/2022\/09\/icr_sd_fei-fei_liu_500-300x300.jpg","datePublished":"2022-09-22T13:22:03+00:00","dateModified":"2024-01-12T14:26:17+00:00","inLanguage":"fr-FR","potentialAction":[{"@type":"ReadAction","target":["http:\/\/www.ccra-acrc.ca\/fr\/nouveau-directeur-scientifique-pour-linstitut-du-cancer-des-irsc\/"]}]},{"@type":"ImageObject","inLanguage":"fr-FR","@id":"http:\/\/www.ccra-acrc.ca\/fr\/nouveau-directeur-scientifique-pour-linstitut-du-cancer-des-irsc\/#primaryimage","url":"http:\/\/www.ccra-acrc.ca\/wp-content\/uploads\/2022\/09\/icr_sd_fei-fei_liu_500-300x300.jpg","contentUrl":"http:\/\/www.ccra-acrc.ca\/wp-content\/uploads\/2022\/09\/icr_sd_fei-fei_liu_500-300x300.jpg"},{"@type":"WebSite","@id":"https:\/\/www.ccra-acrc.ca\/#website","url":"https:\/\/www.ccra-acrc.ca\/","name":"CCRA","description":"The Canadian Cancer Research Alliance","publisher":{"@id":"https:\/\/www.ccra-acrc.ca\/#organization"},"potentialAction":[{"@type":"SearchAction","target":{"@type":"EntryPoint","urlTemplate":"https:\/\/www.ccra-acrc.ca\/?s={search_term_string}"},"query-input":{"@type":"PropertyValueSpecification","valueRequired":true,"valueName":"search_term_string"}}],"inLanguage":"fr-FR"},{"@type":"Organization","@id":"https:\/\/www.ccra-acrc.ca\/#organization","name":"Canadian Cancer Research Conference","url":"https:\/\/www.ccra-acrc.ca\/","logo":{"@type":"ImageObject","inLanguage":"fr-FR","@id":"https:\/\/www.ccra-acrc.ca\/#\/schema\/logo\/image\/","url":"https:\/\/www.ccra-acrc.ca\/wp-content\/uploads\/2017\/01\/ccra_logo.jpg","contentUrl":"https:\/\/www.ccra-acrc.ca\/wp-content\/uploads\/2017\/01\/ccra_logo.jpg","width":108,"height":78,"caption":"Canadian Cancer Research Conference"},"image":{"@id":"https:\/\/www.ccra-acrc.ca\/#\/schema\/logo\/image\/"}},{"@type":"Person","@id":"https:\/\/www.ccra-acrc.ca\/#\/schema\/person\/22d6e1353aef48de5fe54f779213afec","name":"Kimberly Badovinac","image":{"@type":"ImageObject","inLanguage":"fr-FR","@id":"https:\/\/secure.gravatar.com\/avatar\/73596a6e191db58c6340ba5c5119913a2d3524e0396530eff14fb65f32dada27?s=96&d=mm&r=g","url":"https:\/\/secure.gravatar.com\/avatar\/73596a6e191db58c6340ba5c5119913a2d3524e0396530eff14fb65f32dada27?s=96&d=mm&r=g","contentUrl":"https:\/\/secure.gravatar.com\/avatar\/73596a6e191db58c6340ba5c5119913a2d3524e0396530eff14fb65f32dada27?s=96&d=mm&r=g","caption":"Kimberly Badovinac"},"url":"https:\/\/www.ccra-acrc.ca\/fr\/author\/kbadovinac\/"}]}},"_links":{"self":[{"href":"https:\/\/www.ccra-acrc.ca\/fr\/wp-json\/wp\/v2\/posts\/5413","targetHints":{"allow":["GET"]}}],"collection":[{"href":"https:\/\/www.ccra-acrc.ca\/fr\/wp-json\/wp\/v2\/posts"}],"about":[{"href":"https:\/\/www.ccra-acrc.ca\/fr\/wp-json\/wp\/v2\/types\/post"}],"author":[{"embeddable":true,"href":"https:\/\/www.ccra-acrc.ca\/fr\/wp-json\/wp\/v2\/users\/10"}],"replies":[{"embeddable":true,"href":"https:\/\/www.ccra-acrc.ca\/fr\/wp-json\/wp\/v2\/comments?post=5413"}],"version-history":[{"count":0,"href":"https:\/\/www.ccra-acrc.ca\/fr\/wp-json\/wp\/v2\/posts\/5413\/revisions"}],"wp:attachment":[{"href":"https:\/\/www.ccra-acrc.ca\/fr\/wp-json\/wp\/v2\/media?parent=5413"}],"wp:term":[{"taxonomy":"category","embeddable":true,"href":"https:\/\/www.ccra-acrc.ca\/fr\/wp-json\/wp\/v2\/categories?post=5413"},{"taxonomy":"post_tag","embeddable":true,"href":"https:\/\/www.ccra-acrc.ca\/fr\/wp-json\/wp\/v2\/tags?post=5413"}],"curies":[{"name":"wp","href":"https:\/\/api.w.org\/{rel}","templated":true}]}}