{"id":5965,"date":"2023-10-25T13:59:53","date_gmt":"2023-10-25T17:59:53","guid":{"rendered":"https:\/\/www.ccra-acrc.ca\/?p=5965"},"modified":"2024-01-12T09:21:04","modified_gmt":"2024-01-12T14:21:04","slug":"de-nouveaux-membres-rejoignent-lalliance","status":"publish","type":"post","link":"https:\/\/www.ccra-acrc.ca\/fr\/de-nouveaux-membres-rejoignent-lalliance\/","title":{"rendered":"De nouveaux membres rejoignent l\u2019Alliance"},"content":{"rendered":"<p><img loading=\"lazy\" decoding=\"async\" class=\"alignnone size-medium wp-image-5964\" title=\"Beinvenue_nouveaux_membres\" src=\"http:\/\/www.ccra-acrc.ca\/wp-content\/uploads\/2023\/10\/Beinvenue_nouveaux_membres-300x132.png\" alt=\"Nouveaux membres graphic\" width=\"300\" height=\"132\" align=\"right\" srcset=\"https:\/\/www.ccra-acrc.ca\/wp-content\/uploads\/2023\/10\/Beinvenue_nouveaux_membres-300x132.png 300w, https:\/\/www.ccra-acrc.ca\/wp-content\/uploads\/2023\/10\/Beinvenue_nouveaux_membres-1024x451.png 1024w, https:\/\/www.ccra-acrc.ca\/wp-content\/uploads\/2023\/10\/Beinvenue_nouveaux_membres-768x338.png 768w, https:\/\/www.ccra-acrc.ca\/wp-content\/uploads\/2023\/10\/Beinvenue_nouveaux_membres-1536x677.png 1536w, https:\/\/www.ccra-acrc.ca\/wp-content\/uploads\/2023\/10\/Beinvenue_nouveaux_membres-2048x902.png 2048w, https:\/\/www.ccra-acrc.ca\/wp-content\/uploads\/2023\/10\/Beinvenue_nouveaux_membres-422x184.png 422w\" sizes=\"auto, (max-width: 300px) 100vw, 300px\" \/>L\u2019ACRC est heureuse d\u2019annoncer l\u2019ajout de deux nouvelles organisations membres\u00a0: Cancer de la vessie Canada et My\u00e9lome Canada, et nous accueillons de nouvelles repr\u00e9sentantes\u00a0: Michelle\u00a0Colero, directrice g\u00e9n\u00e9rale, Cancer de la vessie Canada et Martine Elias, directrice g\u00e9n\u00e9rale, My\u00e9lome\u00a0Canada.<\/p>\n<p><a href=\"https:\/\/bladdercancercanada.org\/fr\/\">Cancer de la vessie Canada<\/a> est la seule organisation nationale de d\u00e9fense des droits des patients pour plus de 80\u00a0000\u00a0Canadiennes et Canadiens vivant avec un cancer de la vessie. Au-del\u00e0 de sa mission de soutien aux patients, le financement cibl\u00e9 de la recherche constitue une priorit\u00e9 importante pour l\u2019organisation.<\/p>\n<p><a href=\"https:\/\/myelomacanada.ca\/fr\">My\u00e9lome\u00a0Canada<\/a> est la seule organisation caritative nationale de patients cr\u00e9\u00e9e par et pour les Canadiennes et Canadiens touch\u00e9s par le my\u00e9lome. Une approche ax\u00e9e sur le patient en mati\u00e8re de priorisation de la recherche guide la prise de d\u00e9cision en mati\u00e8re de financement de la recherche.<\/p>\n<p>Nous avons h\u00e2te d\u2019en apprendre davantage sur nos nouveaux membres!<\/p>\n","protected":false},"excerpt":{"rendered":"<p>L\u2019ACRC est heureuse d\u2019annoncer l\u2019ajout de deux nouvelles organisations membres\u00a0: Cancer de la vessie Canada et My\u00e9lome Canada, et nous accueillons de nouvelles repr\u00e9sentantes\u00a0: Michelle\u00a0Colero, directrice g\u00e9n\u00e9rale, Cancer de la vessie Canada et Martine Elias, directrice g\u00e9n\u00e9rale, My\u00e9lome\u00a0Canada. Cancer de la vessie Canada est la seule organisation nationale de d\u00e9fense des droits des patients pour &hellip; <a href=\"https:\/\/www.ccra-acrc.ca\/fr\/de-nouveaux-membres-rejoignent-lalliance\/\">Continued<\/a><\/p>\n","protected":false},"author":10,"featured_media":0,"comment_status":"closed","ping_status":"open","sticky":false,"template":"","format":"standard","meta":{"_acf_changed":false,"_monsterinsights_skip_tracking":false,"_monsterinsights_sitenote_active":false,"_monsterinsights_sitenote_note":"","_monsterinsights_sitenote_category":0,"footnotes":""},"categories":[21,22],"tags":[],"class_list":["post-5965","post","type-post","status-publish","format-standard","hentry","category-ccra-news-fr","category-other-news-fr"],"acf":[],"yoast_head":"<!-- This site is optimized with the Yoast SEO plugin v27.3 - https:\/\/yoast.com\/product\/yoast-seo-wordpress\/ -->\n<title>De nouveaux membres rejoignent l\u2019Alliance - CCRA<\/title>\n<meta name=\"robots\" content=\"index, follow, max-snippet:-1, max-image-preview:large, max-video-preview:-1\" \/>\n<link rel=\"canonical\" href=\"http:\/\/www.ccra-acrc.ca\/fr\/de-nouveaux-membres-rejoignent-lalliance\/\" \/>\n<meta property=\"og:locale\" content=\"fr_FR\" \/>\n<meta property=\"og:type\" content=\"article\" \/>\n<meta property=\"og:title\" content=\"De nouveaux membres rejoignent l\u2019Alliance - CCRA\" \/>\n<meta property=\"og:description\" content=\"L\u2019ACRC est heureuse d\u2019annoncer l\u2019ajout de deux nouvelles organisations membres\u00a0: Cancer de la vessie Canada et My\u00e9lome Canada, et nous accueillons de nouvelles repr\u00e9sentantes\u00a0: Michelle\u00a0Colero, directrice g\u00e9n\u00e9rale, Cancer de la vessie Canada et Martine Elias, directrice g\u00e9n\u00e9rale, My\u00e9lome\u00a0Canada. Cancer de la vessie Canada est la seule organisation nationale de d\u00e9fense des droits des patients pour &hellip; Continued\" \/>\n<meta property=\"og:url\" content=\"http:\/\/www.ccra-acrc.ca\/fr\/de-nouveaux-membres-rejoignent-lalliance\/\" \/>\n<meta property=\"og:site_name\" content=\"CCRA\" \/>\n<meta property=\"article:published_time\" content=\"2023-10-25T17:59:53+00:00\" \/>\n<meta property=\"article:modified_time\" content=\"2024-01-12T14:21:04+00:00\" \/>\n<meta property=\"og:image\" content=\"http:\/\/www.ccra-acrc.ca\/wp-content\/uploads\/2023\/10\/Beinvenue_nouveaux_membres-300x132.png\" \/>\n<meta name=\"author\" content=\"Kimberly Badovinac\" \/>\n<meta name=\"twitter:card\" content=\"summary_large_image\" \/>\n<meta name=\"twitter:label1\" content=\"\u00c9crit par\" \/>\n\t<meta name=\"twitter:data1\" content=\"Kimberly Badovinac\" \/>\n\t<meta name=\"twitter:label2\" content=\"Dur\u00e9e de lecture estim\u00e9e\" \/>\n\t<meta name=\"twitter:data2\" content=\"1 minute\" \/>\n<script type=\"application\/ld+json\" class=\"yoast-schema-graph\">{\"@context\":\"https:\\\/\\\/schema.org\",\"@graph\":[{\"@type\":\"Article\",\"@id\":\"http:\\\/\\\/www.ccra-acrc.ca\\\/fr\\\/de-nouveaux-membres-rejoignent-lalliance\\\/#article\",\"isPartOf\":{\"@id\":\"http:\\\/\\\/www.ccra-acrc.ca\\\/fr\\\/de-nouveaux-membres-rejoignent-lalliance\\\/\"},\"author\":{\"name\":\"Kimberly Badovinac\",\"@id\":\"https:\\\/\\\/www.ccra-acrc.ca\\\/#\\\/schema\\\/person\\\/22d6e1353aef48de5fe54f779213afec\"},\"headline\":\"De nouveaux membres rejoignent l\u2019Alliance\",\"datePublished\":\"2023-10-25T17:59:53+00:00\",\"dateModified\":\"2024-01-12T14:21:04+00:00\",\"mainEntityOfPage\":{\"@id\":\"http:\\\/\\\/www.ccra-acrc.ca\\\/fr\\\/de-nouveaux-membres-rejoignent-lalliance\\\/\"},\"wordCount\":174,\"publisher\":{\"@id\":\"https:\\\/\\\/www.ccra-acrc.ca\\\/#organization\"},\"image\":{\"@id\":\"http:\\\/\\\/www.ccra-acrc.ca\\\/fr\\\/de-nouveaux-membres-rejoignent-lalliance\\\/#primaryimage\"},\"thumbnailUrl\":\"http:\\\/\\\/www.ccra-acrc.ca\\\/wp-content\\\/uploads\\\/2023\\\/10\\\/Beinvenue_nouveaux_membres-300x132.png\",\"articleSection\":[\"CCRA News\",\"Other News\"],\"inLanguage\":\"fr-FR\"},{\"@type\":\"WebPage\",\"@id\":\"http:\\\/\\\/www.ccra-acrc.ca\\\/fr\\\/de-nouveaux-membres-rejoignent-lalliance\\\/\",\"url\":\"http:\\\/\\\/www.ccra-acrc.ca\\\/fr\\\/de-nouveaux-membres-rejoignent-lalliance\\\/\",\"name\":\"De nouveaux membres rejoignent l\u2019Alliance - CCRA\",\"isPartOf\":{\"@id\":\"https:\\\/\\\/www.ccra-acrc.ca\\\/#website\"},\"primaryImageOfPage\":{\"@id\":\"http:\\\/\\\/www.ccra-acrc.ca\\\/fr\\\/de-nouveaux-membres-rejoignent-lalliance\\\/#primaryimage\"},\"image\":{\"@id\":\"http:\\\/\\\/www.ccra-acrc.ca\\\/fr\\\/de-nouveaux-membres-rejoignent-lalliance\\\/#primaryimage\"},\"thumbnailUrl\":\"http:\\\/\\\/www.ccra-acrc.ca\\\/wp-content\\\/uploads\\\/2023\\\/10\\\/Beinvenue_nouveaux_membres-300x132.png\",\"datePublished\":\"2023-10-25T17:59:53+00:00\",\"dateModified\":\"2024-01-12T14:21:04+00:00\",\"inLanguage\":\"fr-FR\",\"potentialAction\":[{\"@type\":\"ReadAction\",\"target\":[\"http:\\\/\\\/www.ccra-acrc.ca\\\/fr\\\/de-nouveaux-membres-rejoignent-lalliance\\\/\"]}]},{\"@type\":\"ImageObject\",\"inLanguage\":\"fr-FR\",\"@id\":\"http:\\\/\\\/www.ccra-acrc.ca\\\/fr\\\/de-nouveaux-membres-rejoignent-lalliance\\\/#primaryimage\",\"url\":\"http:\\\/\\\/www.ccra-acrc.ca\\\/wp-content\\\/uploads\\\/2023\\\/10\\\/Beinvenue_nouveaux_membres-300x132.png\",\"contentUrl\":\"http:\\\/\\\/www.ccra-acrc.ca\\\/wp-content\\\/uploads\\\/2023\\\/10\\\/Beinvenue_nouveaux_membres-300x132.png\"},{\"@type\":\"WebSite\",\"@id\":\"https:\\\/\\\/www.ccra-acrc.ca\\\/#website\",\"url\":\"https:\\\/\\\/www.ccra-acrc.ca\\\/\",\"name\":\"CCRA\",\"description\":\"The Canadian Cancer Research Alliance\",\"publisher\":{\"@id\":\"https:\\\/\\\/www.ccra-acrc.ca\\\/#organization\"},\"potentialAction\":[{\"@type\":\"SearchAction\",\"target\":{\"@type\":\"EntryPoint\",\"urlTemplate\":\"https:\\\/\\\/www.ccra-acrc.ca\\\/?s={search_term_string}\"},\"query-input\":{\"@type\":\"PropertyValueSpecification\",\"valueRequired\":true,\"valueName\":\"search_term_string\"}}],\"inLanguage\":\"fr-FR\"},{\"@type\":\"Organization\",\"@id\":\"https:\\\/\\\/www.ccra-acrc.ca\\\/#organization\",\"name\":\"Canadian Cancer Research Conference\",\"url\":\"https:\\\/\\\/www.ccra-acrc.ca\\\/\",\"logo\":{\"@type\":\"ImageObject\",\"inLanguage\":\"fr-FR\",\"@id\":\"https:\\\/\\\/www.ccra-acrc.ca\\\/#\\\/schema\\\/logo\\\/image\\\/\",\"url\":\"https:\\\/\\\/www.ccra-acrc.ca\\\/wp-content\\\/uploads\\\/2017\\\/01\\\/ccra_logo.jpg\",\"contentUrl\":\"https:\\\/\\\/www.ccra-acrc.ca\\\/wp-content\\\/uploads\\\/2017\\\/01\\\/ccra_logo.jpg\",\"width\":108,\"height\":78,\"caption\":\"Canadian Cancer Research Conference\"},\"image\":{\"@id\":\"https:\\\/\\\/www.ccra-acrc.ca\\\/#\\\/schema\\\/logo\\\/image\\\/\"}},{\"@type\":\"Person\",\"@id\":\"https:\\\/\\\/www.ccra-acrc.ca\\\/#\\\/schema\\\/person\\\/22d6e1353aef48de5fe54f779213afec\",\"name\":\"Kimberly Badovinac\",\"image\":{\"@type\":\"ImageObject\",\"inLanguage\":\"fr-FR\",\"@id\":\"https:\\\/\\\/secure.gravatar.com\\\/avatar\\\/73596a6e191db58c6340ba5c5119913a2d3524e0396530eff14fb65f32dada27?s=96&d=mm&r=g\",\"url\":\"https:\\\/\\\/secure.gravatar.com\\\/avatar\\\/73596a6e191db58c6340ba5c5119913a2d3524e0396530eff14fb65f32dada27?s=96&d=mm&r=g\",\"contentUrl\":\"https:\\\/\\\/secure.gravatar.com\\\/avatar\\\/73596a6e191db58c6340ba5c5119913a2d3524e0396530eff14fb65f32dada27?s=96&d=mm&r=g\",\"caption\":\"Kimberly Badovinac\"},\"url\":\"https:\\\/\\\/www.ccra-acrc.ca\\\/fr\\\/author\\\/kbadovinac\\\/\"}]}<\/script>\n<!-- \/ Yoast SEO plugin. -->","yoast_head_json":{"title":"De nouveaux membres rejoignent l\u2019Alliance - CCRA","robots":{"index":"index","follow":"follow","max-snippet":"max-snippet:-1","max-image-preview":"max-image-preview:large","max-video-preview":"max-video-preview:-1"},"canonical":"http:\/\/www.ccra-acrc.ca\/fr\/de-nouveaux-membres-rejoignent-lalliance\/","og_locale":"fr_FR","og_type":"article","og_title":"De nouveaux membres rejoignent l\u2019Alliance - CCRA","og_description":"L\u2019ACRC est heureuse d\u2019annoncer l\u2019ajout de deux nouvelles organisations membres\u00a0: Cancer de la vessie Canada et My\u00e9lome Canada, et nous accueillons de nouvelles repr\u00e9sentantes\u00a0: Michelle\u00a0Colero, directrice g\u00e9n\u00e9rale, Cancer de la vessie Canada et Martine Elias, directrice g\u00e9n\u00e9rale, My\u00e9lome\u00a0Canada. Cancer de la vessie Canada est la seule organisation nationale de d\u00e9fense des droits des patients pour &hellip; Continued","og_url":"http:\/\/www.ccra-acrc.ca\/fr\/de-nouveaux-membres-rejoignent-lalliance\/","og_site_name":"CCRA","article_published_time":"2023-10-25T17:59:53+00:00","article_modified_time":"2024-01-12T14:21:04+00:00","og_image":[{"url":"http:\/\/www.ccra-acrc.ca\/wp-content\/uploads\/2023\/10\/Beinvenue_nouveaux_membres-300x132.png","type":"","width":"","height":""}],"author":"Kimberly Badovinac","twitter_card":"summary_large_image","twitter_misc":{"\u00c9crit par":"Kimberly Badovinac","Dur\u00e9e de lecture estim\u00e9e":"1 minute"},"schema":{"@context":"https:\/\/schema.org","@graph":[{"@type":"Article","@id":"http:\/\/www.ccra-acrc.ca\/fr\/de-nouveaux-membres-rejoignent-lalliance\/#article","isPartOf":{"@id":"http:\/\/www.ccra-acrc.ca\/fr\/de-nouveaux-membres-rejoignent-lalliance\/"},"author":{"name":"Kimberly Badovinac","@id":"https:\/\/www.ccra-acrc.ca\/#\/schema\/person\/22d6e1353aef48de5fe54f779213afec"},"headline":"De nouveaux membres rejoignent l\u2019Alliance","datePublished":"2023-10-25T17:59:53+00:00","dateModified":"2024-01-12T14:21:04+00:00","mainEntityOfPage":{"@id":"http:\/\/www.ccra-acrc.ca\/fr\/de-nouveaux-membres-rejoignent-lalliance\/"},"wordCount":174,"publisher":{"@id":"https:\/\/www.ccra-acrc.ca\/#organization"},"image":{"@id":"http:\/\/www.ccra-acrc.ca\/fr\/de-nouveaux-membres-rejoignent-lalliance\/#primaryimage"},"thumbnailUrl":"http:\/\/www.ccra-acrc.ca\/wp-content\/uploads\/2023\/10\/Beinvenue_nouveaux_membres-300x132.png","articleSection":["CCRA News","Other News"],"inLanguage":"fr-FR"},{"@type":"WebPage","@id":"http:\/\/www.ccra-acrc.ca\/fr\/de-nouveaux-membres-rejoignent-lalliance\/","url":"http:\/\/www.ccra-acrc.ca\/fr\/de-nouveaux-membres-rejoignent-lalliance\/","name":"De nouveaux membres rejoignent l\u2019Alliance - CCRA","isPartOf":{"@id":"https:\/\/www.ccra-acrc.ca\/#website"},"primaryImageOfPage":{"@id":"http:\/\/www.ccra-acrc.ca\/fr\/de-nouveaux-membres-rejoignent-lalliance\/#primaryimage"},"image":{"@id":"http:\/\/www.ccra-acrc.ca\/fr\/de-nouveaux-membres-rejoignent-lalliance\/#primaryimage"},"thumbnailUrl":"http:\/\/www.ccra-acrc.ca\/wp-content\/uploads\/2023\/10\/Beinvenue_nouveaux_membres-300x132.png","datePublished":"2023-10-25T17:59:53+00:00","dateModified":"2024-01-12T14:21:04+00:00","inLanguage":"fr-FR","potentialAction":[{"@type":"ReadAction","target":["http:\/\/www.ccra-acrc.ca\/fr\/de-nouveaux-membres-rejoignent-lalliance\/"]}]},{"@type":"ImageObject","inLanguage":"fr-FR","@id":"http:\/\/www.ccra-acrc.ca\/fr\/de-nouveaux-membres-rejoignent-lalliance\/#primaryimage","url":"http:\/\/www.ccra-acrc.ca\/wp-content\/uploads\/2023\/10\/Beinvenue_nouveaux_membres-300x132.png","contentUrl":"http:\/\/www.ccra-acrc.ca\/wp-content\/uploads\/2023\/10\/Beinvenue_nouveaux_membres-300x132.png"},{"@type":"WebSite","@id":"https:\/\/www.ccra-acrc.ca\/#website","url":"https:\/\/www.ccra-acrc.ca\/","name":"CCRA","description":"The Canadian Cancer Research Alliance","publisher":{"@id":"https:\/\/www.ccra-acrc.ca\/#organization"},"potentialAction":[{"@type":"SearchAction","target":{"@type":"EntryPoint","urlTemplate":"https:\/\/www.ccra-acrc.ca\/?s={search_term_string}"},"query-input":{"@type":"PropertyValueSpecification","valueRequired":true,"valueName":"search_term_string"}}],"inLanguage":"fr-FR"},{"@type":"Organization","@id":"https:\/\/www.ccra-acrc.ca\/#organization","name":"Canadian Cancer Research Conference","url":"https:\/\/www.ccra-acrc.ca\/","logo":{"@type":"ImageObject","inLanguage":"fr-FR","@id":"https:\/\/www.ccra-acrc.ca\/#\/schema\/logo\/image\/","url":"https:\/\/www.ccra-acrc.ca\/wp-content\/uploads\/2017\/01\/ccra_logo.jpg","contentUrl":"https:\/\/www.ccra-acrc.ca\/wp-content\/uploads\/2017\/01\/ccra_logo.jpg","width":108,"height":78,"caption":"Canadian Cancer Research Conference"},"image":{"@id":"https:\/\/www.ccra-acrc.ca\/#\/schema\/logo\/image\/"}},{"@type":"Person","@id":"https:\/\/www.ccra-acrc.ca\/#\/schema\/person\/22d6e1353aef48de5fe54f779213afec","name":"Kimberly Badovinac","image":{"@type":"ImageObject","inLanguage":"fr-FR","@id":"https:\/\/secure.gravatar.com\/avatar\/73596a6e191db58c6340ba5c5119913a2d3524e0396530eff14fb65f32dada27?s=96&d=mm&r=g","url":"https:\/\/secure.gravatar.com\/avatar\/73596a6e191db58c6340ba5c5119913a2d3524e0396530eff14fb65f32dada27?s=96&d=mm&r=g","contentUrl":"https:\/\/secure.gravatar.com\/avatar\/73596a6e191db58c6340ba5c5119913a2d3524e0396530eff14fb65f32dada27?s=96&d=mm&r=g","caption":"Kimberly Badovinac"},"url":"https:\/\/www.ccra-acrc.ca\/fr\/author\/kbadovinac\/"}]}},"_links":{"self":[{"href":"https:\/\/www.ccra-acrc.ca\/fr\/wp-json\/wp\/v2\/posts\/5965","targetHints":{"allow":["GET"]}}],"collection":[{"href":"https:\/\/www.ccra-acrc.ca\/fr\/wp-json\/wp\/v2\/posts"}],"about":[{"href":"https:\/\/www.ccra-acrc.ca\/fr\/wp-json\/wp\/v2\/types\/post"}],"author":[{"embeddable":true,"href":"https:\/\/www.ccra-acrc.ca\/fr\/wp-json\/wp\/v2\/users\/10"}],"replies":[{"embeddable":true,"href":"https:\/\/www.ccra-acrc.ca\/fr\/wp-json\/wp\/v2\/comments?post=5965"}],"version-history":[{"count":0,"href":"https:\/\/www.ccra-acrc.ca\/fr\/wp-json\/wp\/v2\/posts\/5965\/revisions"}],"wp:attachment":[{"href":"https:\/\/www.ccra-acrc.ca\/fr\/wp-json\/wp\/v2\/media?parent=5965"}],"wp:term":[{"taxonomy":"category","embeddable":true,"href":"https:\/\/www.ccra-acrc.ca\/fr\/wp-json\/wp\/v2\/categories?post=5965"},{"taxonomy":"post_tag","embeddable":true,"href":"https:\/\/www.ccra-acrc.ca\/fr\/wp-json\/wp\/v2\/tags?post=5965"}],"curies":[{"name":"wp","href":"https:\/\/api.w.org\/{rel}","templated":true}]}}