{"id":7556,"date":"2026-03-06T14:59:27","date_gmt":"2026-03-06T19:59:27","guid":{"rendered":"https:\/\/www.ccra-acrc.ca\/?p=7556"},"modified":"2026-03-06T14:59:36","modified_gmt":"2026-03-06T19:59:36","slug":"hommage-a-des-femmes-remarquables","status":"publish","type":"post","link":"https:\/\/www.ccra-acrc.ca\/fr\/hommage-a-des-femmes-remarquables\/","title":{"rendered":"Hommage \u00e0 des femmes remarquables"},"content":{"rendered":"<p><img loading=\"lazy\" decoding=\"async\" class=\"alignnone size-medium wp-image-7551\" title=\"Celebrating_CCRA_Awardees__FR_graphic\" src=\"http:\/\/www.ccra-acrc.ca\/wp-content\/uploads\/2026\/03\/Celebrating_CCRA_Awardees__FR_graphic-300x170.png\" alt=\"\" width=\"300\" height=\"170\" align=\"right\" srcset=\"https:\/\/www.ccra-acrc.ca\/wp-content\/uploads\/2026\/03\/Celebrating_CCRA_Awardees__FR_graphic-300x170.png 300w, https:\/\/www.ccra-acrc.ca\/wp-content\/uploads\/2026\/03\/Celebrating_CCRA_Awardees__FR_graphic-1200x680.png 1200w, https:\/\/www.ccra-acrc.ca\/wp-content\/uploads\/2026\/03\/Celebrating_CCRA_Awardees__FR_graphic-768x435.png 768w, https:\/\/www.ccra-acrc.ca\/wp-content\/uploads\/2026\/03\/Celebrating_CCRA_Awardees__FR_graphic.png 1228w\" sizes=\"auto, (max-width: 300px) 100vw, 300px\" \/>\u00c0 l\u2019occasion de la Journ\u00e9e internationale des femmes, l\u2019ACRC met \u00e0 l\u2019honneur \u00e0 14 femmes exceptionnelles pour leurs contributions \u00e0 la recherche sur le cancer. Toutes laur\u00e9ates d\u2019un prix de l\u2019ACRC, elles ont eu une incidence remarquable et ont fait avancer la recherche canadienne en canc\u00e9rologie. Consultez notre <a href=\"http:\/\/www.ccra-acrc.ca\/wp-content\/uploads\/2026\/03\/Celebrating_CCRA_Awardees_FR_resized.pdf\">livret<\/a> et laissez-vous inspirer!<\/p>\n","protected":false},"excerpt":{"rendered":"<p>\u00c0 l\u2019occasion de la Journ\u00e9e internationale des femmes, l\u2019ACRC met \u00e0 l\u2019honneur \u00e0 14 femmes exceptionnelles pour leurs contributions \u00e0 la recherche sur le cancer. Toutes laur\u00e9ates d\u2019un prix de l\u2019ACRC, elles ont eu une incidence remarquable et ont fait avancer la recherche canadienne en canc\u00e9rologie. Consultez notre livret et laissez-vous inspirer!<\/p>\n","protected":false},"author":10,"featured_media":0,"comment_status":"closed","ping_status":"open","sticky":false,"template":"","format":"standard","meta":{"_acf_changed":false,"_monsterinsights_skip_tracking":false,"_monsterinsights_sitenote_active":false,"_monsterinsights_sitenote_note":"","_monsterinsights_sitenote_category":0,"footnotes":""},"categories":[21,22],"tags":[],"class_list":["post-7556","post","type-post","status-publish","format-standard","hentry","category-ccra-news-fr","category-other-news-fr"],"acf":[],"yoast_head":"<!-- This site is optimized with the Yoast SEO plugin v27.3 - https:\/\/yoast.com\/product\/yoast-seo-wordpress\/ -->\n<title>Hommage \u00e0 des femmes remarquables - CCRA<\/title>\n<meta name=\"robots\" content=\"index, follow, max-snippet:-1, max-image-preview:large, max-video-preview:-1\" \/>\n<link rel=\"canonical\" href=\"http:\/\/www.ccra-acrc.ca\/fr\/hommage-a-des-femmes-remarquables\/\" \/>\n<meta property=\"og:locale\" content=\"fr_FR\" \/>\n<meta property=\"og:type\" content=\"article\" \/>\n<meta property=\"og:title\" content=\"Hommage \u00e0 des femmes remarquables - CCRA\" \/>\n<meta property=\"og:description\" content=\"\u00c0 l\u2019occasion de la Journ\u00e9e internationale des femmes, l\u2019ACRC met \u00e0 l\u2019honneur \u00e0 14 femmes exceptionnelles pour leurs contributions \u00e0 la recherche sur le cancer. Toutes laur\u00e9ates d\u2019un prix de l\u2019ACRC, elles ont eu une incidence remarquable et ont fait avancer la recherche canadienne en canc\u00e9rologie. Consultez notre livret et laissez-vous inspirer!\" \/>\n<meta property=\"og:url\" content=\"http:\/\/www.ccra-acrc.ca\/fr\/hommage-a-des-femmes-remarquables\/\" \/>\n<meta property=\"og:site_name\" content=\"CCRA\" \/>\n<meta property=\"article:published_time\" content=\"2026-03-06T19:59:27+00:00\" \/>\n<meta property=\"article:modified_time\" content=\"2026-03-06T19:59:36+00:00\" \/>\n<meta property=\"og:image\" content=\"http:\/\/www.ccra-acrc.ca\/wp-content\/uploads\/2026\/03\/Celebrating_CCRA_Awardees__FR_graphic-300x170.png\" \/>\n<meta name=\"author\" content=\"Kimberly Badovinac\" \/>\n<meta name=\"twitter:card\" content=\"summary_large_image\" \/>\n<meta name=\"twitter:label1\" content=\"\u00c9crit par\" \/>\n\t<meta name=\"twitter:data1\" content=\"Kimberly Badovinac\" \/>\n\t<meta name=\"twitter:label2\" content=\"Dur\u00e9e de lecture estim\u00e9e\" \/>\n\t<meta name=\"twitter:data2\" content=\"1 minute\" \/>\n<script type=\"application\/ld+json\" class=\"yoast-schema-graph\">{\"@context\":\"https:\\\/\\\/schema.org\",\"@graph\":[{\"@type\":\"Article\",\"@id\":\"http:\\\/\\\/www.ccra-acrc.ca\\\/fr\\\/hommage-a-des-femmes-remarquables\\\/#article\",\"isPartOf\":{\"@id\":\"http:\\\/\\\/www.ccra-acrc.ca\\\/fr\\\/hommage-a-des-femmes-remarquables\\\/\"},\"author\":{\"name\":\"Kimberly Badovinac\",\"@id\":\"https:\\\/\\\/www.ccra-acrc.ca\\\/#\\\/schema\\\/person\\\/22d6e1353aef48de5fe54f779213afec\"},\"headline\":\"Hommage \u00e0 des femmes remarquables\",\"datePublished\":\"2026-03-06T19:59:27+00:00\",\"dateModified\":\"2026-03-06T19:59:36+00:00\",\"mainEntityOfPage\":{\"@id\":\"http:\\\/\\\/www.ccra-acrc.ca\\\/fr\\\/hommage-a-des-femmes-remarquables\\\/\"},\"wordCount\":59,\"publisher\":{\"@id\":\"https:\\\/\\\/www.ccra-acrc.ca\\\/#organization\"},\"image\":{\"@id\":\"http:\\\/\\\/www.ccra-acrc.ca\\\/fr\\\/hommage-a-des-femmes-remarquables\\\/#primaryimage\"},\"thumbnailUrl\":\"http:\\\/\\\/www.ccra-acrc.ca\\\/wp-content\\\/uploads\\\/2026\\\/03\\\/Celebrating_CCRA_Awardees__FR_graphic-300x170.png\",\"articleSection\":[\"CCRA News\",\"Other News\"],\"inLanguage\":\"fr-FR\"},{\"@type\":\"WebPage\",\"@id\":\"http:\\\/\\\/www.ccra-acrc.ca\\\/fr\\\/hommage-a-des-femmes-remarquables\\\/\",\"url\":\"http:\\\/\\\/www.ccra-acrc.ca\\\/fr\\\/hommage-a-des-femmes-remarquables\\\/\",\"name\":\"Hommage \u00e0 des femmes remarquables - CCRA\",\"isPartOf\":{\"@id\":\"https:\\\/\\\/www.ccra-acrc.ca\\\/#website\"},\"primaryImageOfPage\":{\"@id\":\"http:\\\/\\\/www.ccra-acrc.ca\\\/fr\\\/hommage-a-des-femmes-remarquables\\\/#primaryimage\"},\"image\":{\"@id\":\"http:\\\/\\\/www.ccra-acrc.ca\\\/fr\\\/hommage-a-des-femmes-remarquables\\\/#primaryimage\"},\"thumbnailUrl\":\"http:\\\/\\\/www.ccra-acrc.ca\\\/wp-content\\\/uploads\\\/2026\\\/03\\\/Celebrating_CCRA_Awardees__FR_graphic-300x170.png\",\"datePublished\":\"2026-03-06T19:59:27+00:00\",\"dateModified\":\"2026-03-06T19:59:36+00:00\",\"inLanguage\":\"fr-FR\",\"potentialAction\":[{\"@type\":\"ReadAction\",\"target\":[\"http:\\\/\\\/www.ccra-acrc.ca\\\/fr\\\/hommage-a-des-femmes-remarquables\\\/\"]}]},{\"@type\":\"ImageObject\",\"inLanguage\":\"fr-FR\",\"@id\":\"http:\\\/\\\/www.ccra-acrc.ca\\\/fr\\\/hommage-a-des-femmes-remarquables\\\/#primaryimage\",\"url\":\"http:\\\/\\\/www.ccra-acrc.ca\\\/wp-content\\\/uploads\\\/2026\\\/03\\\/Celebrating_CCRA_Awardees__FR_graphic-300x170.png\",\"contentUrl\":\"http:\\\/\\\/www.ccra-acrc.ca\\\/wp-content\\\/uploads\\\/2026\\\/03\\\/Celebrating_CCRA_Awardees__FR_graphic-300x170.png\"},{\"@type\":\"WebSite\",\"@id\":\"https:\\\/\\\/www.ccra-acrc.ca\\\/#website\",\"url\":\"https:\\\/\\\/www.ccra-acrc.ca\\\/\",\"name\":\"CCRA\",\"description\":\"The Canadian Cancer Research Alliance\",\"publisher\":{\"@id\":\"https:\\\/\\\/www.ccra-acrc.ca\\\/#organization\"},\"potentialAction\":[{\"@type\":\"SearchAction\",\"target\":{\"@type\":\"EntryPoint\",\"urlTemplate\":\"https:\\\/\\\/www.ccra-acrc.ca\\\/?s={search_term_string}\"},\"query-input\":{\"@type\":\"PropertyValueSpecification\",\"valueRequired\":true,\"valueName\":\"search_term_string\"}}],\"inLanguage\":\"fr-FR\"},{\"@type\":\"Organization\",\"@id\":\"https:\\\/\\\/www.ccra-acrc.ca\\\/#organization\",\"name\":\"Canadian Cancer Research Conference\",\"url\":\"https:\\\/\\\/www.ccra-acrc.ca\\\/\",\"logo\":{\"@type\":\"ImageObject\",\"inLanguage\":\"fr-FR\",\"@id\":\"https:\\\/\\\/www.ccra-acrc.ca\\\/#\\\/schema\\\/logo\\\/image\\\/\",\"url\":\"https:\\\/\\\/www.ccra-acrc.ca\\\/wp-content\\\/uploads\\\/2017\\\/01\\\/ccra_logo.jpg\",\"contentUrl\":\"https:\\\/\\\/www.ccra-acrc.ca\\\/wp-content\\\/uploads\\\/2017\\\/01\\\/ccra_logo.jpg\",\"width\":108,\"height\":78,\"caption\":\"Canadian Cancer Research Conference\"},\"image\":{\"@id\":\"https:\\\/\\\/www.ccra-acrc.ca\\\/#\\\/schema\\\/logo\\\/image\\\/\"}},{\"@type\":\"Person\",\"@id\":\"https:\\\/\\\/www.ccra-acrc.ca\\\/#\\\/schema\\\/person\\\/22d6e1353aef48de5fe54f779213afec\",\"name\":\"Kimberly Badovinac\",\"image\":{\"@type\":\"ImageObject\",\"inLanguage\":\"fr-FR\",\"@id\":\"https:\\\/\\\/secure.gravatar.com\\\/avatar\\\/73596a6e191db58c6340ba5c5119913a2d3524e0396530eff14fb65f32dada27?s=96&d=mm&r=g\",\"url\":\"https:\\\/\\\/secure.gravatar.com\\\/avatar\\\/73596a6e191db58c6340ba5c5119913a2d3524e0396530eff14fb65f32dada27?s=96&d=mm&r=g\",\"contentUrl\":\"https:\\\/\\\/secure.gravatar.com\\\/avatar\\\/73596a6e191db58c6340ba5c5119913a2d3524e0396530eff14fb65f32dada27?s=96&d=mm&r=g\",\"caption\":\"Kimberly Badovinac\"},\"url\":\"https:\\\/\\\/www.ccra-acrc.ca\\\/fr\\\/author\\\/kbadovinac\\\/\"}]}<\/script>\n<!-- \/ Yoast SEO plugin. -->","yoast_head_json":{"title":"Hommage \u00e0 des femmes remarquables - CCRA","robots":{"index":"index","follow":"follow","max-snippet":"max-snippet:-1","max-image-preview":"max-image-preview:large","max-video-preview":"max-video-preview:-1"},"canonical":"http:\/\/www.ccra-acrc.ca\/fr\/hommage-a-des-femmes-remarquables\/","og_locale":"fr_FR","og_type":"article","og_title":"Hommage \u00e0 des femmes remarquables - CCRA","og_description":"\u00c0 l\u2019occasion de la Journ\u00e9e internationale des femmes, l\u2019ACRC met \u00e0 l\u2019honneur \u00e0 14 femmes exceptionnelles pour leurs contributions \u00e0 la recherche sur le cancer. Toutes laur\u00e9ates d\u2019un prix de l\u2019ACRC, elles ont eu une incidence remarquable et ont fait avancer la recherche canadienne en canc\u00e9rologie. Consultez notre livret et laissez-vous inspirer!","og_url":"http:\/\/www.ccra-acrc.ca\/fr\/hommage-a-des-femmes-remarquables\/","og_site_name":"CCRA","article_published_time":"2026-03-06T19:59:27+00:00","article_modified_time":"2026-03-06T19:59:36+00:00","og_image":[{"url":"http:\/\/www.ccra-acrc.ca\/wp-content\/uploads\/2026\/03\/Celebrating_CCRA_Awardees__FR_graphic-300x170.png","type":"","width":"","height":""}],"author":"Kimberly Badovinac","twitter_card":"summary_large_image","twitter_misc":{"\u00c9crit par":"Kimberly Badovinac","Dur\u00e9e de lecture estim\u00e9e":"1 minute"},"schema":{"@context":"https:\/\/schema.org","@graph":[{"@type":"Article","@id":"http:\/\/www.ccra-acrc.ca\/fr\/hommage-a-des-femmes-remarquables\/#article","isPartOf":{"@id":"http:\/\/www.ccra-acrc.ca\/fr\/hommage-a-des-femmes-remarquables\/"},"author":{"name":"Kimberly Badovinac","@id":"https:\/\/www.ccra-acrc.ca\/#\/schema\/person\/22d6e1353aef48de5fe54f779213afec"},"headline":"Hommage \u00e0 des femmes remarquables","datePublished":"2026-03-06T19:59:27+00:00","dateModified":"2026-03-06T19:59:36+00:00","mainEntityOfPage":{"@id":"http:\/\/www.ccra-acrc.ca\/fr\/hommage-a-des-femmes-remarquables\/"},"wordCount":59,"publisher":{"@id":"https:\/\/www.ccra-acrc.ca\/#organization"},"image":{"@id":"http:\/\/www.ccra-acrc.ca\/fr\/hommage-a-des-femmes-remarquables\/#primaryimage"},"thumbnailUrl":"http:\/\/www.ccra-acrc.ca\/wp-content\/uploads\/2026\/03\/Celebrating_CCRA_Awardees__FR_graphic-300x170.png","articleSection":["CCRA News","Other News"],"inLanguage":"fr-FR"},{"@type":"WebPage","@id":"http:\/\/www.ccra-acrc.ca\/fr\/hommage-a-des-femmes-remarquables\/","url":"http:\/\/www.ccra-acrc.ca\/fr\/hommage-a-des-femmes-remarquables\/","name":"Hommage \u00e0 des femmes remarquables - CCRA","isPartOf":{"@id":"https:\/\/www.ccra-acrc.ca\/#website"},"primaryImageOfPage":{"@id":"http:\/\/www.ccra-acrc.ca\/fr\/hommage-a-des-femmes-remarquables\/#primaryimage"},"image":{"@id":"http:\/\/www.ccra-acrc.ca\/fr\/hommage-a-des-femmes-remarquables\/#primaryimage"},"thumbnailUrl":"http:\/\/www.ccra-acrc.ca\/wp-content\/uploads\/2026\/03\/Celebrating_CCRA_Awardees__FR_graphic-300x170.png","datePublished":"2026-03-06T19:59:27+00:00","dateModified":"2026-03-06T19:59:36+00:00","inLanguage":"fr-FR","potentialAction":[{"@type":"ReadAction","target":["http:\/\/www.ccra-acrc.ca\/fr\/hommage-a-des-femmes-remarquables\/"]}]},{"@type":"ImageObject","inLanguage":"fr-FR","@id":"http:\/\/www.ccra-acrc.ca\/fr\/hommage-a-des-femmes-remarquables\/#primaryimage","url":"http:\/\/www.ccra-acrc.ca\/wp-content\/uploads\/2026\/03\/Celebrating_CCRA_Awardees__FR_graphic-300x170.png","contentUrl":"http:\/\/www.ccra-acrc.ca\/wp-content\/uploads\/2026\/03\/Celebrating_CCRA_Awardees__FR_graphic-300x170.png"},{"@type":"WebSite","@id":"https:\/\/www.ccra-acrc.ca\/#website","url":"https:\/\/www.ccra-acrc.ca\/","name":"CCRA","description":"The Canadian Cancer Research Alliance","publisher":{"@id":"https:\/\/www.ccra-acrc.ca\/#organization"},"potentialAction":[{"@type":"SearchAction","target":{"@type":"EntryPoint","urlTemplate":"https:\/\/www.ccra-acrc.ca\/?s={search_term_string}"},"query-input":{"@type":"PropertyValueSpecification","valueRequired":true,"valueName":"search_term_string"}}],"inLanguage":"fr-FR"},{"@type":"Organization","@id":"https:\/\/www.ccra-acrc.ca\/#organization","name":"Canadian Cancer Research Conference","url":"https:\/\/www.ccra-acrc.ca\/","logo":{"@type":"ImageObject","inLanguage":"fr-FR","@id":"https:\/\/www.ccra-acrc.ca\/#\/schema\/logo\/image\/","url":"https:\/\/www.ccra-acrc.ca\/wp-content\/uploads\/2017\/01\/ccra_logo.jpg","contentUrl":"https:\/\/www.ccra-acrc.ca\/wp-content\/uploads\/2017\/01\/ccra_logo.jpg","width":108,"height":78,"caption":"Canadian Cancer Research Conference"},"image":{"@id":"https:\/\/www.ccra-acrc.ca\/#\/schema\/logo\/image\/"}},{"@type":"Person","@id":"https:\/\/www.ccra-acrc.ca\/#\/schema\/person\/22d6e1353aef48de5fe54f779213afec","name":"Kimberly Badovinac","image":{"@type":"ImageObject","inLanguage":"fr-FR","@id":"https:\/\/secure.gravatar.com\/avatar\/73596a6e191db58c6340ba5c5119913a2d3524e0396530eff14fb65f32dada27?s=96&d=mm&r=g","url":"https:\/\/secure.gravatar.com\/avatar\/73596a6e191db58c6340ba5c5119913a2d3524e0396530eff14fb65f32dada27?s=96&d=mm&r=g","contentUrl":"https:\/\/secure.gravatar.com\/avatar\/73596a6e191db58c6340ba5c5119913a2d3524e0396530eff14fb65f32dada27?s=96&d=mm&r=g","caption":"Kimberly Badovinac"},"url":"https:\/\/www.ccra-acrc.ca\/fr\/author\/kbadovinac\/"}]}},"_links":{"self":[{"href":"https:\/\/www.ccra-acrc.ca\/fr\/wp-json\/wp\/v2\/posts\/7556","targetHints":{"allow":["GET"]}}],"collection":[{"href":"https:\/\/www.ccra-acrc.ca\/fr\/wp-json\/wp\/v2\/posts"}],"about":[{"href":"https:\/\/www.ccra-acrc.ca\/fr\/wp-json\/wp\/v2\/types\/post"}],"author":[{"embeddable":true,"href":"https:\/\/www.ccra-acrc.ca\/fr\/wp-json\/wp\/v2\/users\/10"}],"replies":[{"embeddable":true,"href":"https:\/\/www.ccra-acrc.ca\/fr\/wp-json\/wp\/v2\/comments?post=7556"}],"version-history":[{"count":0,"href":"https:\/\/www.ccra-acrc.ca\/fr\/wp-json\/wp\/v2\/posts\/7556\/revisions"}],"wp:attachment":[{"href":"https:\/\/www.ccra-acrc.ca\/fr\/wp-json\/wp\/v2\/media?parent=7556"}],"wp:term":[{"taxonomy":"category","embeddable":true,"href":"https:\/\/www.ccra-acrc.ca\/fr\/wp-json\/wp\/v2\/categories?post=7556"},{"taxonomy":"post_tag","embeddable":true,"href":"https:\/\/www.ccra-acrc.ca\/fr\/wp-json\/wp\/v2\/tags?post=7556"}],"curies":[{"name":"wp","href":"https:\/\/api.w.org\/{rel}","templated":true}]}}